{"id":985,"date":"2020-03-31T19:06:21","date_gmt":"2020-03-31T17:06:21","guid":{"rendered":"http:\/\/chateaupinay.fr\/?p=985"},"modified":"2020-03-31T19:09:13","modified_gmt":"2020-03-31T17:09:13","slug":"podcast-quel-impact-pour-limmobilier","status":"publish","type":"post","link":"https:\/\/cifil.fr\/index.php\/2020\/03\/31\/podcast-quel-impact-pour-limmobilier\/","title":{"rendered":"Podcast &#8211; Quel impact pour l&rsquo;immobilier ?"},"content":{"rendered":"<div id=\"av_player-0\" class=\"av-player av-player-container  first avia-playerstyle-classic avia-playlist-autoplay avia-playlist-hide-cover\" ><div class=\"av-player-player-container\"><\/div><\/div>\n<section class=\"av_textblock_section \"  itemscope=\"itemscope\" itemtype=\"https:\/\/schema.org\/BlogPosting\" itemprop=\"blogPost\" ><div class='avia_textblock  '   itemprop=\"text\" ><p><strong>Quelles sont les cons\u00e9quences de la crise du coronavirus sur le march\u00e9 de l\u2019immobilier? Quel est l\u2019impact imm\u00e9diat sur le march\u00e9 de l\u2019immobilier neuf, la r\u00e9sidence principale et l\u2019investissement immobilier ?<\/strong><\/p>\n<p>St\u00e9phane Desquartiers, PDG de La Maison de l&rsquo;investisseur r\u00e9pond \u00e0 plusieurs interrogations. Retrouvez, en podcast, son intervention \u00e0 l&rsquo;antenne de Sud Radio.<\/p>\n<p style=\"text-align: left;\">Cr\u00e9dits : Philippe David et Thomas Binet &#8211; \u00c9mission du dimanche 29 mars 2020<\/p>\n<h1 style=\"text-align: left;\"><\/h1>\n<\/div><\/section>\n","protected":false},"excerpt":{"rendered":"","protected":false},"author":1,"featured_media":992,"comment_status":"open","ping_status":"open","sticky":false,"template":"","format":"standard","meta":[],"categories":[39],"tags":[40],"_links":{"self":[{"href":"https:\/\/cifil.fr\/index.php\/wp-json\/wp\/v2\/posts\/985"}],"collection":[{"href":"https:\/\/cifil.fr\/index.php\/wp-json\/wp\/v2\/posts"}],"about":[{"href":"https:\/\/cifil.fr\/index.php\/wp-json\/wp\/v2\/types\/post"}],"author":[{"embeddable":true,"href":"https:\/\/cifil.fr\/index.php\/wp-json\/wp\/v2\/users\/1"}],"replies":[{"embeddable":true,"href":"https:\/\/cifil.fr\/index.php\/wp-json\/wp\/v2\/comments?post=985"}],"version-history":[{"count":8,"href":"https:\/\/cifil.fr\/index.php\/wp-json\/wp\/v2\/posts\/985\/revisions"}],"predecessor-version":[{"id":997,"href":"https:\/\/cifil.fr\/index.php\/wp-json\/wp\/v2\/posts\/985\/revisions\/997"}],"wp:featuredmedia":[{"embeddable":true,"href":"https:\/\/cifil.fr\/index.php\/wp-json\/wp\/v2\/media\/992"}],"wp:attachment":[{"href":"https:\/\/cifil.fr\/index.php\/wp-json\/wp\/v2\/media?parent=985"}],"wp:term":[{"taxonomy":"category","embeddable":true,"href":"https:\/\/cifil.fr\/index.php\/wp-json\/wp\/v2\/categories?post=985"},{"taxonomy":"post_tag","embeddable":true,"href":"https:\/\/cifil.fr\/index.php\/wp-json\/wp\/v2\/tags?post=985"}],"curies":[{"name":"wp","href":"https:\/\/api.w.org\/{rel}","templated":true}]}}