{"id":1685,"date":"2021-06-04T20:31:52","date_gmt":"2021-06-04T18:31:52","guid":{"rendered":"https:\/\/cifil.fr\/?p=1685"},"modified":"2021-06-04T20:32:55","modified_gmt":"2021-06-04T18:32:55","slug":"immobilier-la-vente-de-chateaux-en-plein-boom","status":"publish","type":"post","link":"https:\/\/cifil.fr\/index.php\/2021\/06\/04\/immobilier-la-vente-de-chateaux-en-plein-boom\/","title":{"rendered":"Immobilier : la vente de ch\u00e2teaux en plein boom"},"content":{"rendered":"\n<p><\/p>\n\n\n\n<p>La vente de ch\u00e2teaux et manoirs repart de plus belle apr\u00e8s des ann\u00e9es de morosit\u00e9. Selon&nbsp;les derniers chiffres d\u2019un sp\u00e9cialiste du secteur, le Groupe Mercure, la progression de ces ventes est estim\u00e9e \u00e0 15 % depuis un an, et ce malgr\u00e9 la crise sanitaire.<\/p>\n\n\n\n<p>La r\u00e9p\u00e9tition des confinements n\u2019aura pas dissuad\u00e9 les Fran\u00e7ais de s\u2019offrir une vie de ch\u00e2teau. La crise actuelle a certainement incit\u00e9 de nombreux Fran\u00e7ais \u00e0 franchir le pas. Selon le directeur du Groupe Mercure, Olivier de Chabot, cette demande, souvent parisienne, s\u2019inscrit dans cette envie d\u2019investir dans une maison \u00e0 la campagne. De juin \u00e0 septembre 2020, de nombreuses ventes ont \u00e9t\u00e9 r\u00e9alis\u00e9es, pr\u00e9cise le groupe. Ce dernier constate \u00e9galement un ph\u00e9nom\u00e8ne qui n\u2019arrivait jamais pour ce march\u00e9 de niche&nbsp;: plusieurs acheteurs convoitant le m\u00eame bien.<\/p>\n\n\n\n<p>Les professionnels aussi convoitent ce march\u00e9 avec des projets de r\u00e9habilitation \u00e0 la cl\u00e9. Leurs importants budgets permettent de s\u2019engager sur des travaux souvent co\u00fbteux (\u00e9lectricit\u00e9, toiture\u2026) pour ce genre de biens et assez inaccessibles pour de nombreux particuliers.<\/p>\n\n\n\n<p><\/p>\n\n\n\n<p>Cr\u00e9dits \/ Sources : Capital<\/p>\n\n\n\n<p><\/p>\n\n\n\n<p><\/p>\n\n\n\n<p class=\"has-text-align-center\" id=\"block-79a8b4b7-93b2-43e3-824d-f634d2fe16da\"><strong>CONTACTEZ-NOUS<\/strong> !<\/p>\n\n\n\n<div class=\"wp-block-buttons is-content-justification-center\">\n<div class=\"wp-block-button is-style-outline\"><a class=\"wp-block-button__link\" href=\"https:\/\/cifil.fr\/index.php\/contact\/\">J&rsquo;expose mon projet<\/a><\/div>\n<\/div>\n\n\n\n<div class=\"wp-block-image is-style-rounded\"><figure class=\"aligncenter size-large is-resized\"><img loading=\"lazy\" src=\"https:\/\/cifil.fr\/wp-content\/uploads\/2020\/10\/Logo-off-CIFIL-min-1030x1022.png\" alt=\"\" class=\"wp-image-1311\" width=\"190\" height=\"188\" srcset=\"https:\/\/cifil.fr\/wp-content\/uploads\/2020\/10\/Logo-off-CIFIL-min-1030x1022.png 1030w, https:\/\/cifil.fr\/wp-content\/uploads\/2020\/10\/Logo-off-CIFIL-min-80x80.png 80w, https:\/\/cifil.fr\/wp-content\/uploads\/2020\/10\/Logo-off-CIFIL-min-300x298.png 300w, https:\/\/cifil.fr\/wp-content\/uploads\/2020\/10\/Logo-off-CIFIL-min-768x762.png 768w, https:\/\/cifil.fr\/wp-content\/uploads\/2020\/10\/Logo-off-CIFIL-min-36x36.png 36w, https:\/\/cifil.fr\/wp-content\/uploads\/2020\/10\/Logo-off-CIFIL-min-1500x1488.png 1500w, https:\/\/cifil.fr\/wp-content\/uploads\/2020\/10\/Logo-off-CIFIL-min-705x699.png 705w, https:\/\/cifil.fr\/wp-content\/uploads\/2020\/10\/Logo-off-CIFIL-min-120x120.png 120w, https:\/\/cifil.fr\/wp-content\/uploads\/2020\/10\/Logo-off-CIFIL-min-450x446.png 450w\" sizes=\"(max-width: 190px) 100vw, 190px\" \/><\/figure><\/div>\n\n\n\n<p><\/p>\n","protected":false},"excerpt":{"rendered":"<p>La vente de ch\u00e2teaux et manoirs repart de plus belle apr\u00e8s des ann\u00e9es de morosit\u00e9. Selon&nbsp;les derniers chiffres d\u2019un sp\u00e9cialiste du secteur, le Groupe Mercure, la progression de ces ventes est estim\u00e9e \u00e0 15 % depuis un an, et ce malgr\u00e9 la crise sanitaire. La r\u00e9p\u00e9tition des confinements n\u2019aura pas dissuad\u00e9 les Fran\u00e7ais de s\u2019offrir [&hellip;]<\/p>\n","protected":false},"author":1,"featured_media":1687,"comment_status":"open","ping_status":"open","sticky":false,"template":"","format":"standard","meta":[],"categories":[39],"tags":[],"_links":{"self":[{"href":"https:\/\/cifil.fr\/index.php\/wp-json\/wp\/v2\/posts\/1685"}],"collection":[{"href":"https:\/\/cifil.fr\/index.php\/wp-json\/wp\/v2\/posts"}],"about":[{"href":"https:\/\/cifil.fr\/index.php\/wp-json\/wp\/v2\/types\/post"}],"author":[{"embeddable":true,"href":"https:\/\/cifil.fr\/index.php\/wp-json\/wp\/v2\/users\/1"}],"replies":[{"embeddable":true,"href":"https:\/\/cifil.fr\/index.php\/wp-json\/wp\/v2\/comments?post=1685"}],"version-history":[{"count":2,"href":"https:\/\/cifil.fr\/index.php\/wp-json\/wp\/v2\/posts\/1685\/revisions"}],"predecessor-version":[{"id":1688,"href":"https:\/\/cifil.fr\/index.php\/wp-json\/wp\/v2\/posts\/1685\/revisions\/1688"}],"wp:featuredmedia":[{"embeddable":true,"href":"https:\/\/cifil.fr\/index.php\/wp-json\/wp\/v2\/media\/1687"}],"wp:attachment":[{"href":"https:\/\/cifil.fr\/index.php\/wp-json\/wp\/v2\/media?parent=1685"}],"wp:term":[{"taxonomy":"category","embeddable":true,"href":"https:\/\/cifil.fr\/index.php\/wp-json\/wp\/v2\/categories?post=1685"},{"taxonomy":"post_tag","embeddable":true,"href":"https:\/\/cifil.fr\/index.php\/wp-json\/wp\/v2\/tags?post=1685"}],"curies":[{"name":"wp","href":"https:\/\/api.w.org\/{rel}","templated":true}]}}