{"id":1682,"date":"2021-05-27T22:21:30","date_gmt":"2021-05-27T20:21:30","guid":{"rendered":"https:\/\/cifil.fr\/?p=1682"},"modified":"2021-05-27T22:21:46","modified_gmt":"2021-05-27T20:21:46","slug":"les-derniers-jours-pour-effectuer-votre-declaration-de-revenus","status":"publish","type":"post","link":"https:\/\/cifil.fr\/index.php\/2021\/05\/27\/les-derniers-jours-pour-effectuer-votre-declaration-de-revenus\/","title":{"rendered":"Les derniers jours pour effectuer votre d\u00e9claration de revenus"},"content":{"rendered":"\n<p>Les contribuables de la zone 1 (d\u00e9partements 1 \u00e0 19)\u00a0ou vivant \u00e0 l&rsquo;\u00e9tranger ne peuvent plus faire leur d\u00e9claration de revenus en ligne depuis mercredi. Les\u00a0contribuables en zone 2 ont jusqu&rsquo;au 1er juin et ceux de la derni\u00e8re zone jusqu&rsquo;au 8 juin.\u00a0<\/p>\n\n\n\n<h2>Jusqu&rsquo;au 8 juin pour les contribuables en zone 3<\/h2>\n\n\n\n<p>Ouverte depuis le 8 avril, la campagne va s&rsquo;\u00e9tendre jusqu&rsquo;au 8 juin \u00e0 23 h 59. Ce sont les contribuables habitant en zone 3 (d\u00e9partements 55 \u00e0 974\/976) qui auront le plus de temps. Les habitants de la zone 2 (d\u00e9partements 20 \u00e0 54) auront eux jusqu&rsquo;au mardi 1er juin, 23 h 59, pour remplir leur d\u00e9claration.<\/p>\n\n\n\n<p>Les avis d&rsquo;imp\u00f4ts seront envoy\u00e9s entre le 26 juillet et le 6 ao\u00fbt pour ceux qui b\u00e9n\u00e9ficient d&rsquo;un remboursement. Pour ceux qui paieront un imp\u00f4t, il faudra patienter jusqu&rsquo;au 30 juillet.<\/p>\n\n\n\n<h2>Des dates diff\u00e9rentes pour les d\u00e9clarations papier&nbsp;<\/h2>\n\n\n\n<p>Ce calendrier varie pour ceux qui ont transmis une d\u00e9claration papier. L&rsquo;avis sera re\u00e7u entre le 30 juillet et le 7 septembre pour ceux qui b\u00e9n\u00e9ficieront d&rsquo;un remboursement. Ceux qui n&rsquo;ont rien \u00e0 payer le recevront entre le 4 ao\u00fbt et le 7 septembre. Enfin, ceux qui sont redevables de l&rsquo;imp\u00f4t recevront leur avis entre le 5 ao\u00fbt et le 1er septembre.<\/p>\n\n\n\n<p>C&rsquo;est \u00e0 partir de la mi-ao\u00fbt qu&rsquo;il sera possible de corriger sa d\u00e9claration. Une op\u00e9ration possible jusqu&rsquo;\u00e0 la mi-d\u00e9cembre.<\/p>\n\n\n\n<p>Articles \/ Cr\u00e9dits : Boursorama Banques<\/p>\n\n\n\n<p><a href=\"https:\/\/www.boursorama.com\/patrimoine\/actualites\/impots-la-declaration-de-revenus-s-acheve-ce-mercredi-soir-pour-une-partie-des-francais-acb286cf62e1eac9d8cc44f8f0102b7b\">https:\/\/www.boursorama.com\/patrimoine\/actualites\/impots-la-declaration-de-revenus-s-acheve-ce-mercredi-soir-pour-une-partie-des-francais-acb286cf62e1eac9d8cc44f8f0102b7b<\/a><\/p>\n\n\n\n<p><\/p>\n\n\n\n<p><\/p>\n\n\n\n<p class=\"has-text-align-center\" id=\"block-79a8b4b7-93b2-43e3-824d-f634d2fe16da\"><strong>CONTACTEZ-NOUS<\/strong> !<\/p>\n\n\n\n<div class=\"wp-block-buttons is-content-justification-center\">\n<div class=\"wp-block-button is-style-outline\"><a class=\"wp-block-button__link\" href=\"https:\/\/cifil.fr\/index.php\/contact\/\">J&rsquo;expose mon projet<\/a><\/div>\n<\/div>\n\n\n\n<div class=\"wp-block-image is-style-rounded\"><figure class=\"aligncenter size-large is-resized\"><img loading=\"lazy\" src=\"https:\/\/cifil.fr\/wp-content\/uploads\/2020\/10\/Logo-off-CIFIL-min-1030x1022.png\" alt=\"\" class=\"wp-image-1311\" width=\"190\" height=\"188\" srcset=\"https:\/\/cifil.fr\/wp-content\/uploads\/2020\/10\/Logo-off-CIFIL-min-1030x1022.png 1030w, https:\/\/cifil.fr\/wp-content\/uploads\/2020\/10\/Logo-off-CIFIL-min-80x80.png 80w, https:\/\/cifil.fr\/wp-content\/uploads\/2020\/10\/Logo-off-CIFIL-min-300x298.png 300w, https:\/\/cifil.fr\/wp-content\/uploads\/2020\/10\/Logo-off-CIFIL-min-768x762.png 768w, https:\/\/cifil.fr\/wp-content\/uploads\/2020\/10\/Logo-off-CIFIL-min-36x36.png 36w, https:\/\/cifil.fr\/wp-content\/uploads\/2020\/10\/Logo-off-CIFIL-min-1500x1488.png 1500w, https:\/\/cifil.fr\/wp-content\/uploads\/2020\/10\/Logo-off-CIFIL-min-705x699.png 705w, https:\/\/cifil.fr\/wp-content\/uploads\/2020\/10\/Logo-off-CIFIL-min-120x120.png 120w, https:\/\/cifil.fr\/wp-content\/uploads\/2020\/10\/Logo-off-CIFIL-min-450x446.png 450w\" sizes=\"(max-width: 190px) 100vw, 190px\" \/><\/figure><\/div>\n\n\n\n<p><\/p>\n\n\n\n<p><\/p>\n\n\n\n<p><\/p>\n","protected":false},"excerpt":{"rendered":"<p>Les contribuables de la zone 1 (d\u00e9partements 1 \u00e0 19)\u00a0ou vivant \u00e0 l&rsquo;\u00e9tranger ne peuvent plus faire leur d\u00e9claration de revenus en ligne depuis mercredi. Les\u00a0contribuables en zone 2 ont jusqu&rsquo;au 1er juin et ceux de la derni\u00e8re zone jusqu&rsquo;au 8 juin.\u00a0 Jusqu&rsquo;au 8 juin pour les contribuables en zone 3 Ouverte depuis le 8 [&hellip;]<\/p>\n","protected":false},"author":1,"featured_media":1684,"comment_status":"open","ping_status":"open","sticky":false,"template":"","format":"standard","meta":[],"categories":[39],"tags":[],"_links":{"self":[{"href":"https:\/\/cifil.fr\/index.php\/wp-json\/wp\/v2\/posts\/1682"}],"collection":[{"href":"https:\/\/cifil.fr\/index.php\/wp-json\/wp\/v2\/posts"}],"about":[{"href":"https:\/\/cifil.fr\/index.php\/wp-json\/wp\/v2\/types\/post"}],"author":[{"embeddable":true,"href":"https:\/\/cifil.fr\/index.php\/wp-json\/wp\/v2\/users\/1"}],"replies":[{"embeddable":true,"href":"https:\/\/cifil.fr\/index.php\/wp-json\/wp\/v2\/comments?post=1682"}],"version-history":[{"count":1,"href":"https:\/\/cifil.fr\/index.php\/wp-json\/wp\/v2\/posts\/1682\/revisions"}],"predecessor-version":[{"id":1683,"href":"https:\/\/cifil.fr\/index.php\/wp-json\/wp\/v2\/posts\/1682\/revisions\/1683"}],"wp:featuredmedia":[{"embeddable":true,"href":"https:\/\/cifil.fr\/index.php\/wp-json\/wp\/v2\/media\/1684"}],"wp:attachment":[{"href":"https:\/\/cifil.fr\/index.php\/wp-json\/wp\/v2\/media?parent=1682"}],"wp:term":[{"taxonomy":"category","embeddable":true,"href":"https:\/\/cifil.fr\/index.php\/wp-json\/wp\/v2\/categories?post=1682"},{"taxonomy":"post_tag","embeddable":true,"href":"https:\/\/cifil.fr\/index.php\/wp-json\/wp\/v2\/tags?post=1682"}],"curies":[{"name":"wp","href":"https:\/\/api.w.org\/{rel}","templated":true}]}}