{"id":1645,"date":"2021-05-06T19:53:43","date_gmt":"2021-05-06T17:53:43","guid":{"rendered":"https:\/\/cifil.fr\/?p=1645"},"modified":"2021-05-06T19:54:00","modified_gmt":"2021-05-06T17:54:00","slug":"logement-ce-que-la-loi-climat-va-changer","status":"publish","type":"post","link":"https:\/\/cifil.fr\/index.php\/2021\/05\/06\/logement-ce-que-la-loi-climat-va-changer\/","title":{"rendered":"Logement : ce que la loi climat va changer"},"content":{"rendered":"\n<p><\/p>\n\n\n\n<p>L&rsquo;Assembl\u00e9e nationale a adopt\u00e9 la loi climat. CIFIL fait le point.<\/p>\n\n\n\n<h3>Les logements les plus \u00e9nergivores interdites \u00e0 la location<\/h3>\n\n\n\n<p>D\u00e8s 2023, les logements les plus consommateurs (class\u00e9s F ou G) ne pourront pas \u00eatre mises en location. Cette interdiction a \u00e9t\u00e9 \u00e9largie \u00e0 l&rsquo;ensemble des logements \u00abG\u00bb \u00e0 partir de 2025 et aux \u00abF\u00bb d\u00e8s 2028. La mesure s&rsquo;appliquera \u00e9galement aux logements class\u00e9s \u00abE\u00bb en 2034. Au total, ce sont plus de 4 millions de biens qui devraient \u00eatre r\u00e9nov\u00e9s d&rsquo;ici 2034, soit plus du tiers du parc locatif priv\u00e9 (12 millions).<\/p>\n\n\n\n<p><\/p>\n\n\n\n<h3>Un pr\u00eat bancaire<\/h3>\n\n\n\n<p>Le 1er janvier 2020, le gouvernement a lanc\u00e9 un dispositif, Ma Prime R\u00e9nov&rsquo;, pour aider les Fran\u00e7ais \u00e0 r\u00e9nover leur logement. Et si possible de fond en comble. Une t\u00e2che loin d&rsquo;\u00eatre \u00e9vidente surtout pour les m\u00e9nages modestes. Pour y rem\u00e9dier, l&rsquo;ex\u00e9cutif va solliciter les banques pour ressortir du placard le pr\u00eat avance mutation. Ce dispositif, qui existe depuis 2015, est garanti par une hypoth\u00e8que \u00e0 hauteur du montant du pr\u00eat augment\u00e9 des int\u00e9r\u00eats. Vous le percevez sous forme de versements p\u00e9riodiques et le remboursez int\u00e9gralement (montant initial et int\u00e9r\u00eats le cas \u00e9ch\u00e9ant) une fois le bien vendu.<\/p>\n\n\n\n<p><\/p>\n\n\n\n<h3>Un accompagnement personnalis\u00e9<\/h3>\n\n\n\n<p>C&rsquo;est l&rsquo;autre inqui\u00e9tude des propri\u00e9taires, avec le manque de moyens financiers: \u00e0 qui s&rsquo;adresser pour r\u00e9nover son logement? Les aides sont nombreuses &#8211; et souvent tr\u00e8s complexes &#8211; et donc les acteurs multiples. Pour faciliter la t\u00e2che des particuliers, les b\u00e9n\u00e9ficiaires de Ma Prime R\u00e9nov&rsquo; pourront enfin disposer d&rsquo;un accompagnement personnalis\u00e9.<\/p>\n\n\n\n<p>Quel que soit le profil du propri\u00e9taire, cet accompagnement est obligatoire. Chacun sera suivi par un tiers qui lui expliquera quels travaux r\u00e9aliser, quels artisans solliciter et comment obtenir les aides. Co\u00fbt moyen de l&rsquo;accompagnement? 1600 euros par logement.<\/p>\n\n\n\n<p><\/p>\n\n\n\n<h3>Un audit \u00e9nerg\u00e9tique obligatoire<\/h3>\n\n\n\n<p>Une fois les travaux termin\u00e9s, le propri\u00e9taire doit faire r\u00e9aliser un audit thermique, moyennant 500 \u00e0 600 euros, pour confirmer la conformit\u00e9 des travaux. Un document, remis \u00e0 l&rsquo;acheteur lors de la vente, en plus des diagnostics, notamment celui sur la performance \u00e9nerg\u00e9tique (DPE).<\/p>\n\n\n\n<p><\/p>\n\n\n\n<p><\/p>\n\n\n\n<p>Cr\u00e9dits \/ Sources : Article R\u00e9dig\u00e9 par Boursorama Banque<\/p>\n\n\n\n<figure class=\"wp-block-embed\"><div class=\"wp-block-embed__wrapper\">\nhttps:\/\/www.boursorama.com\/patrimoine\/actualites\/ce-que-la-loi-climat-va-changer-pour-votre-logement-e8a2124d1ace86dd05d8ed2ca8e17c1f\n<\/div><\/figure>\n\n\n\n<p><\/p>\n\n\n\n<p class=\"has-text-align-center\" id=\"block-79a8b4b7-93b2-43e3-824d-f634d2fe16da\"><strong>CONTACTEZ-NOUS<\/strong> !<\/p>\n\n\n\n<div class=\"wp-block-buttons aligncenter\">\n<div class=\"wp-block-button is-style-outline\"><a class=\"wp-block-button__link\" href=\"https:\/\/cifil.fr\/index.php\/contact\/\">J&rsquo;expose mon projet<\/a><\/div>\n<\/div>\n\n\n\n<div class=\"wp-block-image is-style-rounded\"><figure class=\"aligncenter size-large is-resized\"><img loading=\"lazy\" src=\"https:\/\/cifil.fr\/wp-content\/uploads\/2020\/10\/Logo-off-CIFIL-min-1030x1022.png\" alt=\"\" class=\"wp-image-1311\" width=\"190\" height=\"188\" srcset=\"https:\/\/cifil.fr\/wp-content\/uploads\/2020\/10\/Logo-off-CIFIL-min-1030x1022.png 1030w, https:\/\/cifil.fr\/wp-content\/uploads\/2020\/10\/Logo-off-CIFIL-min-80x80.png 80w, https:\/\/cifil.fr\/wp-content\/uploads\/2020\/10\/Logo-off-CIFIL-min-300x298.png 300w, https:\/\/cifil.fr\/wp-content\/uploads\/2020\/10\/Logo-off-CIFIL-min-768x762.png 768w, https:\/\/cifil.fr\/wp-content\/uploads\/2020\/10\/Logo-off-CIFIL-min-36x36.png 36w, https:\/\/cifil.fr\/wp-content\/uploads\/2020\/10\/Logo-off-CIFIL-min-1500x1488.png 1500w, https:\/\/cifil.fr\/wp-content\/uploads\/2020\/10\/Logo-off-CIFIL-min-705x699.png 705w, https:\/\/cifil.fr\/wp-content\/uploads\/2020\/10\/Logo-off-CIFIL-min-120x120.png 120w, https:\/\/cifil.fr\/wp-content\/uploads\/2020\/10\/Logo-off-CIFIL-min-450x446.png 450w\" sizes=\"(max-width: 190px) 100vw, 190px\" \/><\/figure><\/div>\n","protected":false},"excerpt":{"rendered":"<p>L&rsquo;Assembl\u00e9e nationale a adopt\u00e9 la loi climat. CIFIL fait le point. Les logements les plus \u00e9nergivores interdites \u00e0 la location D\u00e8s 2023, les logements les plus consommateurs (class\u00e9s F ou G) ne pourront pas \u00eatre mises en location. Cette interdiction a \u00e9t\u00e9 \u00e9largie \u00e0 l&rsquo;ensemble des logements \u00abG\u00bb \u00e0 partir de 2025 et aux \u00abF\u00bb [&hellip;]<\/p>\n","protected":false},"author":1,"featured_media":1649,"comment_status":"open","ping_status":"open","sticky":false,"template":"","format":"standard","meta":[],"categories":[39],"tags":[],"_links":{"self":[{"href":"https:\/\/cifil.fr\/index.php\/wp-json\/wp\/v2\/posts\/1645"}],"collection":[{"href":"https:\/\/cifil.fr\/index.php\/wp-json\/wp\/v2\/posts"}],"about":[{"href":"https:\/\/cifil.fr\/index.php\/wp-json\/wp\/v2\/types\/post"}],"author":[{"embeddable":true,"href":"https:\/\/cifil.fr\/index.php\/wp-json\/wp\/v2\/users\/1"}],"replies":[{"embeddable":true,"href":"https:\/\/cifil.fr\/index.php\/wp-json\/wp\/v2\/comments?post=1645"}],"version-history":[{"count":2,"href":"https:\/\/cifil.fr\/index.php\/wp-json\/wp\/v2\/posts\/1645\/revisions"}],"predecessor-version":[{"id":1650,"href":"https:\/\/cifil.fr\/index.php\/wp-json\/wp\/v2\/posts\/1645\/revisions\/1650"}],"wp:featuredmedia":[{"embeddable":true,"href":"https:\/\/cifil.fr\/index.php\/wp-json\/wp\/v2\/media\/1649"}],"wp:attachment":[{"href":"https:\/\/cifil.fr\/index.php\/wp-json\/wp\/v2\/media?parent=1645"}],"wp:term":[{"taxonomy":"category","embeddable":true,"href":"https:\/\/cifil.fr\/index.php\/wp-json\/wp\/v2\/categories?post=1645"},{"taxonomy":"post_tag","embeddable":true,"href":"https:\/\/cifil.fr\/index.php\/wp-json\/wp\/v2\/tags?post=1645"}],"curies":[{"name":"wp","href":"https:\/\/api.w.org\/{rel}","templated":true}]}}