{"id":1551,"date":"2021-02-18T09:35:29","date_gmt":"2021-02-18T08:35:29","guid":{"rendered":"https:\/\/cifil.fr\/?p=1551"},"modified":"2021-02-18T10:10:15","modified_gmt":"2021-02-18T09:10:15","slug":"loi-carrez-quelles-sont-les-regles-a-respecter-en-cas-de-vente","status":"publish","type":"post","link":"https:\/\/cifil.fr\/index.php\/2021\/02\/18\/loi-carrez-quelles-sont-les-regles-a-respecter-en-cas-de-vente\/","title":{"rendered":"Loi Carrez: Quelles sont les r\u00e8gles \u00e0 respecter en cas de vente"},"content":{"rendered":"\n<p><\/p>\n\n\n\n<h3>Si vous souhaitez vendre un bien immobilier, il est n\u00e9cessaire de communiquer \u00e0 l&rsquo;acheteur sa surface privative habitable. <\/h3>\n\n\n\n<h3>Ce m\u00e9trage est r\u00e9glement\u00e9 par la loi Carrez, laquelle ne prend pas en compte les superficies dont la hauteur sous plafond est inf\u00e9rieure \u00e0 1,80 m\u00e8tre. Faire appel \u00e0 un professionnel pour r\u00e9aliser le calcul est recommand\u00e9 pour \u00e9viter tout litige financier par la suite.<\/h3>\n\n\n\n<p><\/p>\n\n\n\n<h2>La loi Carrez :  r\u00e9glementation du m\u00e9trage des biens immobiliers en copropri\u00e9t\u00e9<\/h2>\n\n\n\n<p><\/p>\n\n\n\n<p>Il existe de nombreuses m\u00e9thodes pour mesurer la superficie habitable d&rsquo;un logement. Toutefois, depuis la loi Carrez du 18 d\u00e9cembre 1996, une seule d&rsquo;entre elles fait loi en cas de vente d&rsquo;un bien immobilier, ce qui permet d&rsquo;\u00e9viter toute confusion.<\/p>\n\n\n\n<p>La Loi Carrez s&rsquo;applique aux logements en copropri\u00e9t\u00e9&nbsp;et vise \u00e0 d\u00e9terminer la superficie privative pouvant \u00eatre consacr\u00e9e \u00e0 l&rsquo;habitation. Celle-ci doit \u00eatre mentionn\u00e9e dans l&rsquo;ensemble des documents relatifs \u00e0 une transaction immobili\u00e8re.<\/p>\n\n\n\n<p><\/p>\n\n\n\n<h2>Le recours \u00e0 un professionnel conseill\u00e9<\/h2>\n\n\n\n<p>Le propri\u00e9taire d&rsquo;un bien immobilier peut r\u00e9aliser lui-m\u00eame le calcul de sa superficie en loi Carrez. Toutefois, le m\u00e9trage peut \u00eatre complexe \u00e0 effectuer, notamment s&rsquo;il existe des pi\u00e8ces mansard\u00e9es.<\/p>\n\n\n\n<p>En outre, quand la surface figurant dans l&rsquo;acte authentique de vente est inf\u00e9rieure de plus de 5 % \u00e0 la surface r\u00e9elle, l&rsquo;acheteur peut exiger une r\u00e9vision du prix. <\/p>\n\n\n\n<p>Celui-ci est alors r\u00e9vis\u00e9 \u00e0 la baisse au prorata du nombre de m\u00e8tres carr\u00e9s manquants. En cas d&rsquo;erreur d\u00e9favorable au vendeur, il n&rsquo;existe aucun recours possible.<\/p>\n\n\n\n<p>Il peut donc \u00eatre pr\u00e9f\u00e9rable de faire appel \u00e0 un g\u00e9om\u00e8tre-diagnostiqueur. <\/p>\n\n\n\n<p>Le professionnel engage sa responsabilit\u00e9 en cas de litige et son diagnostic est valable pour une dur\u00e9e illimit\u00e9e. <\/p>\n\n\n\n<p><\/p>\n\n\n\n<h3>A noter<\/h3>\n\n\n\n<p>Tout acheteur souhaitant contester la surface de son acquisition doit engager une action devant le Tribunal de Grande Instance dans un d\u00e9lai d&rsquo;un an apr\u00e8s la signature de l&rsquo;acte authentique.<\/p>\n\n\n\n<p><\/p>\n\n\n\n<p>Sources \/ Cr\u00e9dits : article de Boursorama Banques<\/p>\n\n\n\n<p><a href=\"https:\/\/www.boursorama.com\/patrimoine\/fiches-pratiques\/loi-carrez-les-regles-a-respecter-en-cas-de-vente-immobiliere-c4c7819a910906291f21818929739376\">https:\/\/www.boursorama.com\/patrimoine\/fiches-pratiques\/loi-carrez-les-regles-a-respecter-en-cas-de-vente-immobiliere-c4c7819a910906291f21818929739376<\/a><\/p>\n\n\n\n<p><\/p>\n\n\n\n<p><\/p>\n\n\n\n<p class=\"has-text-align-center\" id=\"block-79a8b4b7-93b2-43e3-824d-f634d2fe16da\"><strong>CONTACTEZ-NOUS<\/strong> !<\/p>\n\n\n\n<div class=\"wp-block-buttons aligncenter\">\n<div class=\"wp-block-button is-style-outline\"><a class=\"wp-block-button__link\" href=\"https:\/\/cifil.fr\/index.php\/contact\/\">J&rsquo;expose mon projet<\/a><\/div>\n<\/div>\n\n\n\n<div class=\"wp-block-image is-style-rounded\"><figure class=\"aligncenter size-large is-resized\"><img loading=\"lazy\" src=\"https:\/\/cifil.fr\/wp-content\/uploads\/2020\/10\/Logo-off-CIFIL-min-1030x1022.png\" alt=\"\" class=\"wp-image-1311\" width=\"190\" height=\"188\" srcset=\"https:\/\/cifil.fr\/wp-content\/uploads\/2020\/10\/Logo-off-CIFIL-min-1030x1022.png 1030w, https:\/\/cifil.fr\/wp-content\/uploads\/2020\/10\/Logo-off-CIFIL-min-80x80.png 80w, https:\/\/cifil.fr\/wp-content\/uploads\/2020\/10\/Logo-off-CIFIL-min-300x298.png 300w, https:\/\/cifil.fr\/wp-content\/uploads\/2020\/10\/Logo-off-CIFIL-min-768x762.png 768w, https:\/\/cifil.fr\/wp-content\/uploads\/2020\/10\/Logo-off-CIFIL-min-36x36.png 36w, https:\/\/cifil.fr\/wp-content\/uploads\/2020\/10\/Logo-off-CIFIL-min-1500x1488.png 1500w, https:\/\/cifil.fr\/wp-content\/uploads\/2020\/10\/Logo-off-CIFIL-min-705x699.png 705w, https:\/\/cifil.fr\/wp-content\/uploads\/2020\/10\/Logo-off-CIFIL-min-120x120.png 120w, https:\/\/cifil.fr\/wp-content\/uploads\/2020\/10\/Logo-off-CIFIL-min-450x446.png 450w\" sizes=\"(max-width: 190px) 100vw, 190px\" \/><\/figure><\/div>\n","protected":false},"excerpt":{"rendered":"<p>Si vous souhaitez vendre un bien immobilier, il est n\u00e9cessaire de communiquer \u00e0 l&rsquo;acheteur sa surface privative habitable. Ce m\u00e9trage est r\u00e9glement\u00e9 par la loi Carrez, laquelle ne prend pas en compte les superficies dont la hauteur sous plafond est inf\u00e9rieure \u00e0 1,80 m\u00e8tre. Faire appel \u00e0 un professionnel pour r\u00e9aliser le calcul est recommand\u00e9 [&hellip;]<\/p>\n","protected":false},"author":1,"featured_media":1554,"comment_status":"open","ping_status":"open","sticky":false,"template":"","format":"standard","meta":[],"categories":[39],"tags":[],"_links":{"self":[{"href":"https:\/\/cifil.fr\/index.php\/wp-json\/wp\/v2\/posts\/1551"}],"collection":[{"href":"https:\/\/cifil.fr\/index.php\/wp-json\/wp\/v2\/posts"}],"about":[{"href":"https:\/\/cifil.fr\/index.php\/wp-json\/wp\/v2\/types\/post"}],"author":[{"embeddable":true,"href":"https:\/\/cifil.fr\/index.php\/wp-json\/wp\/v2\/users\/1"}],"replies":[{"embeddable":true,"href":"https:\/\/cifil.fr\/index.php\/wp-json\/wp\/v2\/comments?post=1551"}],"version-history":[{"count":2,"href":"https:\/\/cifil.fr\/index.php\/wp-json\/wp\/v2\/posts\/1551\/revisions"}],"predecessor-version":[{"id":1553,"href":"https:\/\/cifil.fr\/index.php\/wp-json\/wp\/v2\/posts\/1551\/revisions\/1553"}],"wp:featuredmedia":[{"embeddable":true,"href":"https:\/\/cifil.fr\/index.php\/wp-json\/wp\/v2\/media\/1554"}],"wp:attachment":[{"href":"https:\/\/cifil.fr\/index.php\/wp-json\/wp\/v2\/media?parent=1551"}],"wp:term":[{"taxonomy":"category","embeddable":true,"href":"https:\/\/cifil.fr\/index.php\/wp-json\/wp\/v2\/categories?post=1551"},{"taxonomy":"post_tag","embeddable":true,"href":"https:\/\/cifil.fr\/index.php\/wp-json\/wp\/v2\/tags?post=1551"}],"curies":[{"name":"wp","href":"https:\/\/api.w.org\/{rel}","templated":true}]}}