{"id":1541,"date":"2021-02-12T13:35:56","date_gmt":"2021-02-12T12:35:56","guid":{"rendered":"https:\/\/cifil.fr\/?p=1541"},"modified":"2021-02-12T13:36:09","modified_gmt":"2021-02-12T12:36:09","slug":"lencadrement-des-loyers-encore-conteste","status":"publish","type":"post","link":"https:\/\/cifil.fr\/index.php\/2021\/02\/12\/lencadrement-des-loyers-encore-conteste\/","title":{"rendered":"L&rsquo;encadrement des loyers encore contest\u00e9"},"content":{"rendered":"\n<p><\/p>\n\n\n\n<h2>Apr\u00e8s la mise en place du dispositif, 40% des annonces d\u00e9passeraient les plafonds l\u00e9gaux \u00e0 Paris.<\/h2>\n\n\n\n<h2> La mesure n&rsquo;a pas prouv\u00e9 son efficacit\u00e9 dans un march\u00e9 de la location promis \u00e0 la baisse.<\/h2>\n\n\n\n<p>Apr\u00e8s son annulation par les tribunaux administratifs, l&rsquo;encadrement des loyers a \u00e9t\u00e9 r\u00e9tabli par la loi Elan \u00ab\u00e0 titre exp\u00e9rimental\u00bb&nbsp;sur cinq ans \u00e0 partir du 1er juillet 2019.<\/p>\n\n\n\n<p>Pour les zones urbaines concern\u00e9es, les loyers de r\u00e9f\u00e9rence sont fix\u00e9s par quartier, par arr\u00eat\u00e9 pr\u00e9fectoral, ainsi que les seuils, \u00abminor\u00e9s\u00bb&nbsp;pour le plancher et \u00abmajor\u00e9s\u00bb&nbsp;pour le plafond, qui ne doivent pas \u00eatre franchis. Outre le quartier, la taille du logement, le mode de location (vide ou meubl\u00e9e) et la date de construction sont pris en compte.<\/p>\n\n\n\n<p><\/p>\n\n\n\n<p>Paris et Lille ont aussi adopt\u00e9 la deuxi\u00e8me mouture. Les zones vis\u00e9es sont celles o\u00f9 le march\u00e9 locatif est tr\u00e8s tendu, avec une demande de logements plus importante que l&rsquo;offre, pouvant conduire \u00e0 des loyers excessifs. <\/p>\n\n\n\n<p>Au sein des 28 plus grandes agglom\u00e9rations fran\u00e7aises, 1.150 communes sont en th\u00e9orie \u00e9ligibles \u00e0 la mesure.D\u00e9passement moyen de 130 euros par mois<\/p>\n\n\n\n<p>L&rsquo;\u00e9t\u00e9 dernier, la plateforme d&rsquo;estimation Meilleurs Agents a analys\u00e9 5.500 annonces d&rsquo;agences immobili\u00e8res pour des locations non meubl\u00e9es \u00e0 Paris. Selon cette \u00e9tude, la moiti\u00e9 des annonces (53%) ne respectait pas l&rsquo;encadrement, avec une hausse de la proportion dans les quartiers les plus chers : le VIe arrondissement (70%), le VIIe (60%) et les quatre premiers <\/p>\n\n\n\n<p>arrondissements du centre de la capitale (67%). L&rsquo;\u00e9tude \u00e9valuait le d\u00e9\u0301passement moyen \u00e0 130 euros par mois, soit 1.500 euros par an.<\/p>\n\n\n\n<p><\/p>\n\n\n\n<p>CLCV a analys\u00e9 1.000 annonces sur dix sites de location d&rsquo;appartements \u00e0 Paris, de professionnels et entre particuliers (Century 21, Citya, Fnaim, Foncia, Le Bon Coin, L&rsquo;immobilier des particuliers, Orpi, PAP, Paru Vendu et Seloger.com), pour des logements de toutes tailles (1 \u00e0 4 pi\u00e8ces et plus), dont un tiers de meubl\u00e9s.<\/p>\n\n\n\n<p>Sur ce panel restreint, qui soul\u00e8ve des questions de m\u00e9thodologie, m\u00eame si l&rsquo;\u00e9tude est r\u00e9alis\u00e9e chaque ann\u00e9e depuis 2015, 40% des offres ne respecteraient pas l&rsquo;encadrement.<\/p>\n\n\n\n<p><\/p>\n\n\n\n<p>La location saisonni\u00e8re a chut\u00e9, provoquant un retour vers la location longue dur\u00e9e et ainsi une hausse de l&rsquo;offre disponible. Selon des remont\u00e9es d&rsquo;agence, la crise \u00e9conomique cons\u00e9cutive \u00e0 la pand\u00e9mie conduit \u00e0 des relocations difficiles en ce d\u00e9but d&rsquo;ann\u00e9e, dans la capitale et les plus grandes villes, pouvant d\u00e9boucher sur une l\u00e9g\u00e8re baisse des loyers propos\u00e9s.<\/p>\n\n\n\n<p>Ce dispositif ne refl\u00e8te pas par ailleurs l&rsquo;h\u00e9t\u00e9rog\u00e9n\u00e9it\u00e9 et la r\u00e9alit\u00e9 du march\u00e9, notamment parisien. L&rsquo;encadrement ne r\u00e9glera pas le probl\u00e8me du d\u00e9s\u00e9quilibre de l&rsquo;offre et de la demande dans les grandes villes, qui est plut\u00f4t li\u00e9 \u00e0 un manque de logements disponibles.<\/p>\n\n\n\n<h2>Que risque le bailleur ?<\/h2>\n\n\n\n<p>Un d\u00e9cret du 13 mai 2019 indique les sanctions encourues par un bailleur ne respectant pas les plafonds. Le pr\u00e9fet donne au propri\u00e9taire r\u00e9calcitrant deux mois pour mettre le bail en conformit\u00e9 et restituer \u00e0 son locataire les trop-per\u00e7us.<\/p>\n\n\n\n<p>S&rsquo;il ne le fait pas dans les deux mois suivant sa mise en demeure par courrier, le pr\u00e9fet peut prononcer \u00e0 l&rsquo;encontre du bailleur une amende, pouvant aller jusqu&rsquo;\u00e0 5.000 euros pour les particuliers et 15.000 euros pour les soci\u00e9t\u00e9s civiles immobili\u00e8res, avec un remboursement du trop-per\u00e7u au locataire.<\/p>\n\n\n\n<p>Pas s\u00fbr que ces montants soient dissuasifs, d&rsquo;autant qu&rsquo;il faut que le locataire conteste son contrat, ce qui n&rsquo;est gu\u00e8re dans son int\u00e9r\u00eat s&rsquo;il veut garder son logement&#8230;<\/p>\n\n\n\n<p>Peu de recours sont d\u00e9pos\u00e9s, du fait de la complexit\u00e9\u0301 de la proc\u00e9dure. Les premi\u00e8res sanctions ont pourtant commenc\u00e9 \u00e0 tomber, encore rares. Mais la Mairie de Paris a annonc\u00e9 un renforcement des contr\u00f4les \u00e0 partir de f\u00e9vrier.<\/p>\n\n\n\n<p>M\u00eame si cette contrainte r\u00e9glementaire peut frustrer ou agacer les propri\u00e9taires bailleurs, il leur est vivement recommand\u00e9 de respecter la l\u00e9gislation et de s&rsquo;\u00e9viter des probl\u00e8mes ult\u00e9rieurs.<\/p>\n\n\n\n<p><\/p>\n\n\n\n<p><\/p>\n\n\n\n<p>Articles r\u00e9dig\u00e9 par : Le Revenu <\/p>\n\n\n\n<p><a href=\"https:\/\/www.lerevenu.com\/immobilier\/investissement-locatif\/immobilier-un-encadrement-des-loyers-encore-conteste\">https:\/\/www.lerevenu.com\/immobilier\/investissement-locatif\/immobilier-un-encadrement-des-loyers-encore-conteste<\/a><\/p>\n\n\n\n<p class=\"has-text-align-center\" id=\"block-79a8b4b7-93b2-43e3-824d-f634d2fe16da\"><strong>CONTACTEZ-NOUS<\/strong> !<\/p>\n\n\n\n<div class=\"wp-block-buttons aligncenter\">\n<div class=\"wp-block-button is-style-outline\"><a class=\"wp-block-button__link\" href=\"https:\/\/cifil.fr\/index.php\/contact\/\">J&rsquo;expose mon projet<\/a><\/div>\n<\/div>\n\n\n\n<div class=\"wp-block-image is-style-rounded\"><figure class=\"aligncenter size-large is-resized\"><img loading=\"lazy\" src=\"https:\/\/cifil.fr\/wp-content\/uploads\/2020\/10\/Logo-off-CIFIL-min-1030x1022.png\" alt=\"\" class=\"wp-image-1311\" width=\"190\" height=\"188\" srcset=\"https:\/\/cifil.fr\/wp-content\/uploads\/2020\/10\/Logo-off-CIFIL-min-1030x1022.png 1030w, https:\/\/cifil.fr\/wp-content\/uploads\/2020\/10\/Logo-off-CIFIL-min-80x80.png 80w, https:\/\/cifil.fr\/wp-content\/uploads\/2020\/10\/Logo-off-CIFIL-min-300x298.png 300w, https:\/\/cifil.fr\/wp-content\/uploads\/2020\/10\/Logo-off-CIFIL-min-768x762.png 768w, https:\/\/cifil.fr\/wp-content\/uploads\/2020\/10\/Logo-off-CIFIL-min-36x36.png 36w, https:\/\/cifil.fr\/wp-content\/uploads\/2020\/10\/Logo-off-CIFIL-min-1500x1488.png 1500w, https:\/\/cifil.fr\/wp-content\/uploads\/2020\/10\/Logo-off-CIFIL-min-705x699.png 705w, https:\/\/cifil.fr\/wp-content\/uploads\/2020\/10\/Logo-off-CIFIL-min-120x120.png 120w, https:\/\/cifil.fr\/wp-content\/uploads\/2020\/10\/Logo-off-CIFIL-min-450x446.png 450w\" sizes=\"(max-width: 190px) 100vw, 190px\" \/><\/figure><\/div>\n","protected":false},"excerpt":{"rendered":"<p>Apr\u00e8s la mise en place du dispositif, 40% des annonces d\u00e9passeraient les plafonds l\u00e9gaux \u00e0 Paris. La mesure n&rsquo;a pas prouv\u00e9 son efficacit\u00e9 dans un march\u00e9 de la location promis \u00e0 la baisse. Apr\u00e8s son annulation par les tribunaux administratifs, l&rsquo;encadrement des loyers a \u00e9t\u00e9 r\u00e9tabli par la loi Elan \u00ab\u00e0 titre exp\u00e9rimental\u00bb&nbsp;sur cinq ans [&hellip;]<\/p>\n","protected":false},"author":1,"featured_media":1543,"comment_status":"open","ping_status":"open","sticky":false,"template":"","format":"standard","meta":[],"categories":[39],"tags":[],"_links":{"self":[{"href":"https:\/\/cifil.fr\/index.php\/wp-json\/wp\/v2\/posts\/1541"}],"collection":[{"href":"https:\/\/cifil.fr\/index.php\/wp-json\/wp\/v2\/posts"}],"about":[{"href":"https:\/\/cifil.fr\/index.php\/wp-json\/wp\/v2\/types\/post"}],"author":[{"embeddable":true,"href":"https:\/\/cifil.fr\/index.php\/wp-json\/wp\/v2\/users\/1"}],"replies":[{"embeddable":true,"href":"https:\/\/cifil.fr\/index.php\/wp-json\/wp\/v2\/comments?post=1541"}],"version-history":[{"count":2,"href":"https:\/\/cifil.fr\/index.php\/wp-json\/wp\/v2\/posts\/1541\/revisions"}],"predecessor-version":[{"id":1544,"href":"https:\/\/cifil.fr\/index.php\/wp-json\/wp\/v2\/posts\/1541\/revisions\/1544"}],"wp:featuredmedia":[{"embeddable":true,"href":"https:\/\/cifil.fr\/index.php\/wp-json\/wp\/v2\/media\/1543"}],"wp:attachment":[{"href":"https:\/\/cifil.fr\/index.php\/wp-json\/wp\/v2\/media?parent=1541"}],"wp:term":[{"taxonomy":"category","embeddable":true,"href":"https:\/\/cifil.fr\/index.php\/wp-json\/wp\/v2\/categories?post=1541"},{"taxonomy":"post_tag","embeddable":true,"href":"https:\/\/cifil.fr\/index.php\/wp-json\/wp\/v2\/tags?post=1541"}],"curies":[{"name":"wp","href":"https:\/\/api.w.org\/{rel}","templated":true}]}}